{"id":6668,"date":"2020-09-15T12:06:39","date_gmt":"2020-09-15T12:06:39","guid":{"rendered":"http:\/\/blog.educainternet.es\/?p=6668"},"modified":"2020-09-15T12:06:40","modified_gmt":"2020-09-15T12:06:40","slug":"ideas-de-orange-para-madres-y-padres-ante-el-reto-de-educar-en-una-situacion-dificil-8","status":"publish","type":"post","link":"https:\/\/blog.educainternet.es\/index.php\/2020\/09\/15\/ideas-de-orange-para-madres-y-padres-ante-el-reto-de-educar-en-una-situacion-dificil-8\/","title":{"rendered":"Ideas de Orange para madres y padres ante el reto de educar en una situaci\u00f3n dif\u00edcil"},"content":{"rendered":"\n<h2 class=\"has-text-align-center\"><strong>Ideas de Orange para madres y padres ante el reto de educar en una situaci\u00f3n\u00a0dif\u00edcil<\/strong><\/h2>\n\n\n\n<div class=\"wp-block-image\"><figure class=\"aligncenter size-large\"><img loading=\"lazy\" width=\"600\" height=\"185\" src=\"http:\/\/blog.educainternet.es\/wp-content\/uploads\/2020\/06\/cabecera-quedateencasa_1.png\" alt=\"\" class=\"wp-image-6642\" srcset=\"https:\/\/blog.educainternet.es\/wp-content\/uploads\/2020\/06\/cabecera-quedateencasa_1.png 600w, https:\/\/blog.educainternet.es\/wp-content\/uploads\/2020\/06\/cabecera-quedateencasa_1-300x93.png 300w\" sizes=\"(max-width: 600px) 100vw, 600px\" \/><figcaption>A\u00fan estamos recuper\u00e1ndonos de esta vuelta al cole tan at\u00edpica. A los habituales materiales, nos ha tocado incluir en la mochila de nuestros hijos la mascarilla y el gel hidroalcoh\u00f3lico. Y nuestros nervios, esos que a veces les hemos contagiado. Ahora solo nos queda cruzar los dedos para que la situaci\u00f3n no empeore y puedan seguir su curso con normalidad. Mientras tanto, en Orange queremos seguir d\u00e1ndoos apoyo en forma de informaci\u00f3n que esperamos os sirva de utilidad para afrontar este nuevo curso con la mayor calma y tranquilidad posible.<\/figcaption><\/figure><\/div>\n\n\n\n<p class=\"has-text-align-center\"><a rel=\"noreferrer noopener\" href=\"http:\/\/track.mdrctr.com\/track\/link\/key\/43722-2387-21642-62-1294-166095\/signature\/d3aeaae1b196afd70ae40fa2cb992ffa\/contactInfo\/Y29uSWQ9MTI5NH5%2BZW1haWw9ZW5yaXF1ZS5iYXJyYS5hcmlhc0BnbWFpbC5jb21%2BfmVtcElkPTQzNzIyfn5tb3ZpbD0tfn5zdWJJZD0yMzg3fn5lbnZJZD04OTB%2Bfmxpc3RJZD02Mn5%2Bc25hcElkPTE2NjA5NX5%2BbWRQYXJ0cz0xfn5tZERDU3ViamVjdD1%2Bfm1kRW1haWxNRDU9ZDRlYTE0MTQ3NDZmNmEzZWJlN2EyYzVhMGQ4Yzc2NTR%2Bfm1kRW1haWxTSEEyNTY9MTc4ZDdkMDM5NTQ1MTMxYjcyYzQ0MDVjMDg3MDE1ZGQxMzg4ZTQzYjE1MWYwYzBiYThkZjQ1NjVkODVlMDFhMH5%2BcmVnaXN0ZXJEYXRlPTIwMTctMTAtMTYgMTE6MjE6MzF%2Bfm1kRGVsaXZlcnlEYXRlPTIwMjAtMDktMTUgMTE6MDA6MDB%2BfmNvbl9tZDU9YTg4MWM1MzllZTliY2ZjMjkwMTg1ZjJiNWMyMzNhZTk%3D\/userid\/d4ea1414746f6a3ebe7a2c5a0d8c7654\" target=\"_blank\"><strong>Estudiantes Covid-19: autodidactas<\/strong><\/a><\/p>\n\n\n\n<div class=\"wp-container-3 wp-block-columns\">\n<div class=\"wp-container-1 wp-block-column\">\n<div class=\"wp-block-image\"><figure class=\"alignright size-large\"><a href=\"http:\/\/track.mdrctr.com\/track\/link\/key\/43722-2387-21642-62-1294-166095\/signature\/d3aeaae1b196afd70ae40fa2cb992ffa\/contactInfo\/Y29uSWQ9MTI5NH5%2BZW1haWw9ZW5yaXF1ZS5iYXJyYS5hcmlhc0BnbWFpbC5jb21%2BfmVtcElkPTQzNzIyfn5tb3ZpbD0tfn5zdWJJZD0yMzg3fn5lbnZJZD04OTB%2Bfmxpc3RJZD02Mn5%2Bc25hcElkPTE2NjA5NX5%2BbWRQYXJ0cz0xfn5tZERDU3ViamVjdD1%2Bfm1kRW1haWxNRDU9ZDRlYTE0MTQ3NDZmNmEzZWJlN2EyYzVhMGQ4Yzc2NTR%2Bfm1kRW1haWxTSEEyNTY9MTc4ZDdkMDM5NTQ1MTMxYjcyYzQ0MDVjMDg3MDE1ZGQxMzg4ZTQzYjE1MWYwYzBiYThkZjQ1NjVkODVlMDFhMH5%2BcmVnaXN0ZXJEYXRlPTIwMTctMTAtMTYgMTE6MjE6MzF%2Bfm1kRGVsaXZlcnlEYXRlPTIwMjAtMDktMTUgMTE6MDA6MDB%2BfmNvbl9tZDU9YTg4MWM1MzllZTliY2ZjMjkwMTg1ZjJiNWMyMzNhZTk%3D\/userid\/d4ea1414746f6a3ebe7a2c5a0d8c7654\"><img loading=\"lazy\" width=\"240\" height=\"240\" src=\"https:\/\/blog.educainternet.es\/wp-content\/uploads\/2020\/09\/escuela-covid.jpg\" alt=\"\" class=\"wp-image-6669\" srcset=\"https:\/\/blog.educainternet.es\/wp-content\/uploads\/2020\/09\/escuela-covid.jpg 240w, https:\/\/blog.educainternet.es\/wp-content\/uploads\/2020\/09\/escuela-covid-150x150.jpg 150w\" sizes=\"(max-width: 240px) 100vw, 240px\" \/><\/a><\/figure><\/div>\n<\/div>\n\n\n\n<div class=\"wp-container-2 wp-block-column\">\n<p>A\u00fan no sabemos si la ense\u00f1anza va a poder desarrollarse de forma 100% presencial o tendremos que pasar a un modelo mixto. Este panorama invita a reflexionar sobre la importancia de fomentar el autodidactismo en nuestros hijos y ense\u00f1arles que el aprendizaje no se limita al \u00e1mbito escolar, sino que es un acto de desarrollo personal que deben trabajar sea donde sea, se encuentren en un centro escolar o en casa, tengan la compa\u00f1\u00eda y el apoyo de un docente o no. \u00bfNos ponemos a ello?<\/p>\n<\/div>\n<\/div>\n\n\n\n<p class=\"has-text-align-center\"><a rel=\"noreferrer noopener\" href=\"http:\/\/track.mdrctr.com\/track\/link\/key\/43722-2387-21644-62-1294-166095\/signature\/d3aeaae1b196afd70ae40fa2cb992ffa\/contactInfo\/Y29uSWQ9MTI5NH5%2BZW1haWw9ZW5yaXF1ZS5iYXJyYS5hcmlhc0BnbWFpbC5jb21%2BfmVtcElkPTQzNzIyfn5tb3ZpbD0tfn5zdWJJZD0yMzg3fn5lbnZJZD04OTB%2Bfmxpc3RJZD02Mn5%2Bc25hcElkPTE2NjA5NX5%2BbWRQYXJ0cz0xfn5tZERDU3ViamVjdD1%2Bfm1kRW1haWxNRDU9ZDRlYTE0MTQ3NDZmNmEzZWJlN2EyYzVhMGQ4Yzc2NTR%2Bfm1kRW1haWxTSEEyNTY9MTc4ZDdkMDM5NTQ1MTMxYjcyYzQ0MDVjMDg3MDE1ZGQxMzg4ZTQzYjE1MWYwYzBiYThkZjQ1NjVkODVlMDFhMH5%2BcmVnaXN0ZXJEYXRlPTIwMTctMTAtMTYgMTE6MjE6MzF%2Bfm1kRGVsaXZlcnlEYXRlPTIwMjAtMDktMTUgMTE6MDA6MDB%2BfmNvbl9tZDU9YTg4MWM1MzllZTliY2ZjMjkwMTg1ZjJiNWMyMzNhZTk%3D\/userid\/d4ea1414746f6a3ebe7a2c5a0d8c7654\" target=\"_blank\"><strong>El coste de oportunidad de nuestros h\u00e1bitos<\/strong><\/a><\/p>\n\n\n\n<div class=\"wp-container-6 wp-block-columns\">\n<div class=\"wp-container-4 wp-block-column\">\n<p>Rara vez pensamos en \u00e9l, pero deber\u00edamos hacerlo m\u00e1s a menudo. Si tus hijos pasan 3 horas por la tarde enganchados a la tableta, el problema no es solo lo nocivo que puede resultar el consumo elevado de pantallas, sino todo lo que se est\u00e1n perdiendo: hacer ejercicio al aire libre, socializar con otros ni\u00f1os, leer\u2026 Reflexionamos sobre esto con el pedagogo Gregorio Luri.<\/p>\n<\/div>\n\n\n\n<div class=\"wp-container-5 wp-block-column\">\n<figure class=\"wp-block-image size-large\"><a href=\"http:\/\/track.mdrctr.com\/track\/link\/key\/43722-2387-21644-62-1294-166095\/signature\/d3aeaae1b196afd70ae40fa2cb992ffa\/contactInfo\/Y29uSWQ9MTI5NH5%2BZW1haWw9ZW5yaXF1ZS5iYXJyYS5hcmlhc0BnbWFpbC5jb21%2BfmVtcElkPTQzNzIyfn5tb3ZpbD0tfn5zdWJJZD0yMzg3fn5lbnZJZD04OTB%2Bfmxpc3RJZD02Mn5%2Bc25hcElkPTE2NjA5NX5%2BbWRQYXJ0cz0xfn5tZERDU3ViamVjdD1%2Bfm1kRW1haWxNRDU9ZDRlYTE0MTQ3NDZmNmEzZWJlN2EyYzVhMGQ4Yzc2NTR%2Bfm1kRW1haWxTSEEyNTY9MTc4ZDdkMDM5NTQ1MTMxYjcyYzQ0MDVjMDg3MDE1ZGQxMzg4ZTQzYjE1MWYwYzBiYThkZjQ1NjVkODVlMDFhMH5%2BcmVnaXN0ZXJEYXRlPTIwMTctMTAtMTYgMTE6MjE6MzF%2Bfm1kRGVsaXZlcnlEYXRlPTIwMjAtMDktMTUgMTE6MDA6MDB%2BfmNvbl9tZDU9YTg4MWM1MzllZTliY2ZjMjkwMTg1ZjJiNWMyMzNhZTk%3D\/userid\/d4ea1414746f6a3ebe7a2c5a0d8c7654\"><img loading=\"lazy\" width=\"240\" height=\"240\" src=\"https:\/\/blog.educainternet.es\/wp-content\/uploads\/2020\/09\/actividad-pasiva.jpg\" alt=\"\" class=\"wp-image-6670\" srcset=\"https:\/\/blog.educainternet.es\/wp-content\/uploads\/2020\/09\/actividad-pasiva.jpg 240w, https:\/\/blog.educainternet.es\/wp-content\/uploads\/2020\/09\/actividad-pasiva-150x150.jpg 150w\" sizes=\"(max-width: 240px) 100vw, 240px\" \/><\/a><\/figure>\n<\/div>\n<\/div>\n\n\n\n<p class=\"has-text-align-center\"><a rel=\"noreferrer noopener\" href=\"http:\/\/track.mdrctr.com\/track\/link\/key\/43722-2387-21648-62-1294-166095\/signature\/d3aeaae1b196afd70ae40fa2cb992ffa\/contactInfo\/Y29uSWQ9MTI5NH5%2BZW1haWw9ZW5yaXF1ZS5iYXJyYS5hcmlhc0BnbWFpbC5jb21%2BfmVtcElkPTQzNzIyfn5tb3ZpbD0tfn5zdWJJZD0yMzg3fn5lbnZJZD04OTB%2Bfmxpc3RJZD02Mn5%2Bc25hcElkPTE2NjA5NX5%2BbWRQYXJ0cz0xfn5tZERDU3ViamVjdD1%2Bfm1kRW1haWxNRDU9ZDRlYTE0MTQ3NDZmNmEzZWJlN2EyYzVhMGQ4Yzc2NTR%2Bfm1kRW1haWxTSEEyNTY9MTc4ZDdkMDM5NTQ1MTMxYjcyYzQ0MDVjMDg3MDE1ZGQxMzg4ZTQzYjE1MWYwYzBiYThkZjQ1NjVkODVlMDFhMH5%2BcmVnaXN0ZXJEYXRlPTIwMTctMTAtMTYgMTE6MjE6MzF%2Bfm1kRGVsaXZlcnlEYXRlPTIwMjAtMDktMTUgMTE6MDA6MDB%2BfmNvbl9tZDU9YTg4MWM1MzllZTliY2ZjMjkwMTg1ZjJiNWMyMzNhZTk%3D\/userid\/d4ea1414746f6a3ebe7a2c5a0d8c7654\" target=\"_blank\"><strong>Por un uso Love de la tecnolog\u00eda:\u00a0que el m\u00f3vil no se siente a la mesa<\/strong><\/a><\/p>\n\n\n\n<div class=\"wp-container-9 wp-block-columns\">\n<div class=\"wp-container-7 wp-block-column\">\n<div class=\"wp-block-image\"><figure class=\"alignright size-large\"><a href=\"http:\/\/track.mdrctr.com\/track\/link\/key\/43722-2387-21648-62-1294-166095\/signature\/d3aeaae1b196afd70ae40fa2cb992ffa\/contactInfo\/Y29uSWQ9MTI5NH5%2BZW1haWw9ZW5yaXF1ZS5iYXJyYS5hcmlhc0BnbWFpbC5jb21%2BfmVtcElkPTQzNzIyfn5tb3ZpbD0tfn5zdWJJZD0yMzg3fn5lbnZJZD04OTB%2Bfmxpc3RJZD02Mn5%2Bc25hcElkPTE2NjA5NX5%2BbWRQYXJ0cz0xfn5tZERDU3ViamVjdD1%2Bfm1kRW1haWxNRDU9ZDRlYTE0MTQ3NDZmNmEzZWJlN2EyYzVhMGQ4Yzc2NTR%2Bfm1kRW1haWxTSEEyNTY9MTc4ZDdkMDM5NTQ1MTMxYjcyYzQ0MDVjMDg3MDE1ZGQxMzg4ZTQzYjE1MWYwYzBiYThkZjQ1NjVkODVlMDFhMH5%2BcmVnaXN0ZXJEYXRlPTIwMTctMTAtMTYgMTE6MjE6MzF%2Bfm1kRGVsaXZlcnlEYXRlPTIwMjAtMDktMTUgMTE6MDA6MDB%2BfmNvbl9tZDU9YTg4MWM1MzllZTliY2ZjMjkwMTg1ZjJiNWMyMzNhZTk%3D\/userid\/d4ea1414746f6a3ebe7a2c5a0d8c7654\"><img loading=\"lazy\" width=\"240\" height=\"240\" src=\"https:\/\/blog.educainternet.es\/wp-content\/uploads\/2020\/09\/comida-movil.jpg\" alt=\"\" class=\"wp-image-6671\" srcset=\"https:\/\/blog.educainternet.es\/wp-content\/uploads\/2020\/09\/comida-movil.jpg 240w, https:\/\/blog.educainternet.es\/wp-content\/uploads\/2020\/09\/comida-movil-150x150.jpg 150w\" sizes=\"(max-width: 240px) 100vw, 240px\" \/><\/a><\/figure><\/div>\n<\/div>\n\n\n\n<div class=\"wp-container-8 wp-block-column\">\n<p>Parece un acto inofensivo, estar comiendo y consultando el m\u00f3vil a la vez, pero no lo es. Hay muchos motivos, m\u00e1s all\u00e1 de la falta de comunicaci\u00f3n, por los que no deber\u00edamos sentar el m\u00f3vil con nosotros en la mesa. Los analizamos con la ayuda de la psic\u00f3loga \u00darsula Perona.<\/p>\n<\/div>\n<\/div>\n\n\n\n<p class=\"has-text-align-center\"><a rel=\"noreferrer noopener\" href=\"http:\/\/track.mdrctr.com\/track\/link\/key\/43722-2387-21650-62-1294-166095\/signature\/d3aeaae1b196afd70ae40fa2cb992ffa\/contactInfo\/Y29uSWQ9MTI5NH5%2BZW1haWw9ZW5yaXF1ZS5iYXJyYS5hcmlhc0BnbWFpbC5jb21%2BfmVtcElkPTQzNzIyfn5tb3ZpbD0tfn5zdWJJZD0yMzg3fn5lbnZJZD04OTB%2Bfmxpc3RJZD02Mn5%2Bc25hcElkPTE2NjA5NX5%2BbWRQYXJ0cz0xfn5tZERDU3ViamVjdD1%2Bfm1kRW1haWxNRDU9ZDRlYTE0MTQ3NDZmNmEzZWJlN2EyYzVhMGQ4Yzc2NTR%2Bfm1kRW1haWxTSEEyNTY9MTc4ZDdkMDM5NTQ1MTMxYjcyYzQ0MDVjMDg3MDE1ZGQxMzg4ZTQzYjE1MWYwYzBiYThkZjQ1NjVkODVlMDFhMH5%2BcmVnaXN0ZXJEYXRlPTIwMTctMTAtMTYgMTE6MjE6MzF%2Bfm1kRGVsaXZlcnlEYXRlPTIwMjAtMDktMTUgMTE6MDA6MDB%2BfmNvbl9tZDU9YTg4MWM1MzllZTliY2ZjMjkwMTg1ZjJiNWMyMzNhZTk%3D\/userid\/d4ea1414746f6a3ebe7a2c5a0d8c7654\" target=\"_blank\"><strong>10 claves para ense\u00f1ar a tus hijos a usar las redes sociales<\/strong><\/a><\/p>\n\n\n\n<div class=\"wp-container-12 wp-block-columns\">\n<div class=\"wp-container-10 wp-block-column\">\n<p>No podemos evitar que parte del ocio de nuestros hijos est\u00e9 en las redes sociales, pero s\u00ed podemos ense\u00f1arles a usarlas de una forma adecuada. Hablamos con la psiquiatra Marian Rojas Estap\u00e9 sobre c\u00f3mo inculcar a nuestros hijos un uso productivo de una herramienta que, seg\u00fan c\u00f3mo usemos, puede ser beneficiosa o no.<\/p>\n<\/div>\n\n\n\n<div class=\"wp-container-11 wp-block-column\">\n<figure class=\"wp-block-image size-large\"><a href=\"http:\/\/track.mdrctr.com\/track\/link\/key\/43722-2387-21650-62-1294-166095\/signature\/d3aeaae1b196afd70ae40fa2cb992ffa\/contactInfo\/Y29uSWQ9MTI5NH5%2BZW1haWw9ZW5yaXF1ZS5iYXJyYS5hcmlhc0BnbWFpbC5jb21%2BfmVtcElkPTQzNzIyfn5tb3ZpbD0tfn5zdWJJZD0yMzg3fn5lbnZJZD04OTB%2Bfmxpc3RJZD02Mn5%2Bc25hcElkPTE2NjA5NX5%2BbWRQYXJ0cz0xfn5tZERDU3ViamVjdD1%2Bfm1kRW1haWxNRDU9ZDRlYTE0MTQ3NDZmNmEzZWJlN2EyYzVhMGQ4Yzc2NTR%2Bfm1kRW1haWxTSEEyNTY9MTc4ZDdkMDM5NTQ1MTMxYjcyYzQ0MDVjMDg3MDE1ZGQxMzg4ZTQzYjE1MWYwYzBiYThkZjQ1NjVkODVlMDFhMH5%2BcmVnaXN0ZXJEYXRlPTIwMTctMTAtMTYgMTE6MjE6MzF%2Bfm1kRGVsaXZlcnlEYXRlPTIwMjAtMDktMTUgMTE6MDA6MDB%2BfmNvbl9tZDU9YTg4MWM1MzllZTliY2ZjMjkwMTg1ZjJiNWMyMzNhZTk%3D\/userid\/d4ea1414746f6a3ebe7a2c5a0d8c7654\"><img loading=\"lazy\" width=\"240\" height=\"240\" src=\"https:\/\/blog.educainternet.es\/wp-content\/uploads\/2020\/09\/adolescente-movil.jpg\" alt=\"\" class=\"wp-image-6672\" srcset=\"https:\/\/blog.educainternet.es\/wp-content\/uploads\/2020\/09\/adolescente-movil.jpg 240w, https:\/\/blog.educainternet.es\/wp-content\/uploads\/2020\/09\/adolescente-movil-150x150.jpg 150w\" sizes=\"(max-width: 240px) 100vw, 240px\" \/><\/a><\/figure>\n<\/div>\n<\/div>\n\n\n\n<p class=\"has-text-align-center\"><a rel=\"noreferrer noopener\" href=\"http:\/\/track.mdrctr.com\/track\/link\/key\/43722-2387-21654-62-1294-166095\/signature\/d3aeaae1b196afd70ae40fa2cb992ffa\/contactInfo\/Y29uSWQ9MTI5NH5%2BZW1haWw9ZW5yaXF1ZS5iYXJyYS5hcmlhc0BnbWFpbC5jb21%2BfmVtcElkPTQzNzIyfn5tb3ZpbD0tfn5zdWJJZD0yMzg3fn5lbnZJZD04OTB%2Bfmxpc3RJZD02Mn5%2Bc25hcElkPTE2NjA5NX5%2BbWRQYXJ0cz0xfn5tZERDU3ViamVjdD1%2Bfm1kRW1haWxNRDU9ZDRlYTE0MTQ3NDZmNmEzZWJlN2EyYzVhMGQ4Yzc2NTR%2Bfm1kRW1haWxTSEEyNTY9MTc4ZDdkMDM5NTQ1MTMxYjcyYzQ0MDVjMDg3MDE1ZGQxMzg4ZTQzYjE1MWYwYzBiYThkZjQ1NjVkODVlMDFhMH5%2BcmVnaXN0ZXJEYXRlPTIwMTctMTAtMTYgMTE6MjE6MzF%2Bfm1kRGVsaXZlcnlEYXRlPTIwMjAtMDktMTUgMTE6MDA6MDB%2BfmNvbl9tZDU9YTg4MWM1MzllZTliY2ZjMjkwMTg1ZjJiNWMyMzNhZTk%3D\/userid\/d4ea1414746f6a3ebe7a2c5a0d8c7654\" target=\"_blank\"><strong>Ponencia:\u00a0\u201cEducar ni\u00f1os aut\u00f3nomos\u2019\u201d, por Alberto Soler<\/strong><\/a><\/p>\n\n\n\n<div class=\"wp-container-15 wp-block-columns\">\n<div class=\"wp-container-13 wp-block-column\">\n<div class=\"wp-block-image\"><figure class=\"alignright size-large\"><a href=\"http:\/\/track.mdrctr.com\/track\/link\/key\/43722-2387-21654-62-1294-166095\/signature\/d3aeaae1b196afd70ae40fa2cb992ffa\/contactInfo\/Y29uSWQ9MTI5NH5%2BZW1haWw9ZW5yaXF1ZS5iYXJyYS5hcmlhc0BnbWFpbC5jb21%2BfmVtcElkPTQzNzIyfn5tb3ZpbD0tfn5zdWJJZD0yMzg3fn5lbnZJZD04OTB%2Bfmxpc3RJZD02Mn5%2Bc25hcElkPTE2NjA5NX5%2BbWRQYXJ0cz0xfn5tZERDU3ViamVjdD1%2Bfm1kRW1haWxNRDU9ZDRlYTE0MTQ3NDZmNmEzZWJlN2EyYzVhMGQ4Yzc2NTR%2Bfm1kRW1haWxTSEEyNTY9MTc4ZDdkMDM5NTQ1MTMxYjcyYzQ0MDVjMDg3MDE1ZGQxMzg4ZTQzYjE1MWYwYzBiYThkZjQ1NjVkODVlMDFhMH5%2BcmVnaXN0ZXJEYXRlPTIwMTctMTAtMTYgMTE6MjE6MzF%2Bfm1kRGVsaXZlcnlEYXRlPTIwMjAtMDktMTUgMTE6MDA6MDB%2BfmNvbl9tZDU9YTg4MWM1MzllZTliY2ZjMjkwMTg1ZjJiNWMyMzNhZTk%3D\/userid\/d4ea1414746f6a3ebe7a2c5a0d8c7654\"><img loading=\"lazy\" width=\"240\" height=\"240\" src=\"https:\/\/blog.educainternet.es\/wp-content\/uploads\/2020\/09\/alberto-soler-1.jpg\" alt=\"\" class=\"wp-image-6674\" srcset=\"https:\/\/blog.educainternet.es\/wp-content\/uploads\/2020\/09\/alberto-soler-1.jpg 240w, https:\/\/blog.educainternet.es\/wp-content\/uploads\/2020\/09\/alberto-soler-1-150x150.jpg 150w\" sizes=\"(max-width: 240px) 100vw, 240px\" \/><\/a><\/figure><\/div>\n<\/div>\n\n\n\n<div class=\"wp-container-14 wp-block-column\">\n<p>Nuestros ni\u00f1os ya se han ido al cole y, en consecuencia, ya no podemos estar nosotros todo el d\u00eda detr\u00e1s de ellos, supervisando si se lavan las manos, si usan adecuadamente la mascarilla o mantienen la distancia de seguridad. Y ah\u00ed radica la importancia de educar ni\u00f1os aut\u00f3nomos, responsables. El psic\u00f3logo Alberto Soler nos da claves para conseguirlo en esta maravillosa ponencia.<\/p>\n<\/div>\n<\/div>\n\n\n\n<figure class=\"wp-block-image\"><img alt=\"\"\/><\/figure>\n\n\n\n<div class=\"wp-container-18 wp-block-columns\">\n<div class=\"wp-container-16 wp-block-column\">\n<p class=\"has-text-align-center\">UNA IDEA DE:<\/p>\n\n\n\n<div class=\"wp-block-image\"><figure class=\"aligncenter size-large is-resized\"><img loading=\"lazy\" src=\"https:\/\/blog.educainternet.es\/wp-content\/uploads\/2020\/06\/Logo-FamilyON-retina.png\" alt=\"\" class=\"wp-image-6649\" width=\"133\" height=\"34\"\/><\/figure><\/div>\n<\/div>\n\n\n\n<div class=\"wp-container-17 wp-block-column\">\n<p class=\"has-text-align-center\">CON LA COLABORACION DE:<\/p>\n\n\n\n<div class=\"wp-block-image\"><figure class=\"aligncenter size-large\"><img loading=\"lazy\" width=\"133\" height=\"29\" src=\"https:\/\/blog.educainternet.es\/wp-content\/uploads\/2020\/06\/gestionando-hijos-logo.png\" alt=\"\" class=\"wp-image-6650\"\/><\/figure><\/div>\n<\/div>\n<\/div>\n","protected":false},"excerpt":{"rendered":"<p>Ideas de Orange para madres y padres ante el reto de educar en una situaci\u00f3n\u00a0dif\u00edcil Estudiantes Covid-19: autodidactas A\u00fan no sabemos si la ense\u00f1anza va a poder desarrollarse de forma 100% presencial o tendremos que pasar a un modelo mixto. Este panorama invita a reflexionar sobre la importancia de fomentar &#8230;<\/p>\n","protected":false},"author":1,"featured_media":6671,"comment_status":"open","ping_status":"open","sticky":false,"template":"","format":"standard","meta":[],"categories":[152],"tags":[],"_links":{"self":[{"href":"https:\/\/blog.educainternet.es\/index.php\/wp-json\/wp\/v2\/posts\/6668"}],"collection":[{"href":"https:\/\/blog.educainternet.es\/index.php\/wp-json\/wp\/v2\/posts"}],"about":[{"href":"https:\/\/blog.educainternet.es\/index.php\/wp-json\/wp\/v2\/types\/post"}],"author":[{"embeddable":true,"href":"https:\/\/blog.educainternet.es\/index.php\/wp-json\/wp\/v2\/users\/1"}],"replies":[{"embeddable":true,"href":"https:\/\/blog.educainternet.es\/index.php\/wp-json\/wp\/v2\/comments?post=6668"}],"version-history":[{"count":3,"href":"https:\/\/blog.educainternet.es\/index.php\/wp-json\/wp\/v2\/posts\/6668\/revisions"}],"predecessor-version":[{"id":6677,"href":"https:\/\/blog.educainternet.es\/index.php\/wp-json\/wp\/v2\/posts\/6668\/revisions\/6677"}],"wp:featuredmedia":[{"embeddable":true,"href":"https:\/\/blog.educainternet.es\/index.php\/wp-json\/wp\/v2\/media\/6671"}],"wp:attachment":[{"href":"https:\/\/blog.educainternet.es\/index.php\/wp-json\/wp\/v2\/media?parent=6668"}],"wp:term":[{"taxonomy":"category","embeddable":true,"href":"https:\/\/blog.educainternet.es\/index.php\/wp-json\/wp\/v2\/categories?post=6668"},{"taxonomy":"post_tag","embeddable":true,"href":"https:\/\/blog.educainternet.es\/index.php\/wp-json\/wp\/v2\/tags?post=6668"}],"curies":[{"name":"wp","href":"https:\/\/api.w.org\/{rel}","templated":true}]}}