{"id":6655,"date":"2020-07-04T10:20:47","date_gmt":"2020-07-04T10:20:47","guid":{"rendered":"http:\/\/blog.educainternet.es\/?p=6655"},"modified":"2020-07-04T10:25:02","modified_gmt":"2020-07-04T10:25:02","slug":"ideas-de-orange-para-madres-y-padres-ante-el-reto-de-educar-en-una-situacion-dificil-7","status":"publish","type":"post","link":"https:\/\/blog.educainternet.es\/index.php\/2020\/07\/04\/ideas-de-orange-para-madres-y-padres-ante-el-reto-de-educar-en-una-situacion-dificil-7\/","title":{"rendered":"Ideas de Orange para madres y padres ante el reto de educar en una situaci\u00f3n dif\u00edcil"},"content":{"rendered":"\n<h2 class=\"has-text-align-center\">Ideas de Orange para madres y padres ante el reto de educar en una situaci\u00f3n dif\u00edcil<\/h2>\n\n\n\n<figure class=\"wp-block-image size-large is-resized\"><img loading=\"lazy\" src=\"http:\/\/blog.educainternet.es\/wp-content\/uploads\/2020\/06\/cabecera-quedateencasa_1.png\" alt=\"\" class=\"wp-image-6642\" width=\"580\" height=\"178\" srcset=\"https:\/\/blog.educainternet.es\/wp-content\/uploads\/2020\/06\/cabecera-quedateencasa_1.png 600w, https:\/\/blog.educainternet.es\/wp-content\/uploads\/2020\/06\/cabecera-quedateencasa_1-300x93.png 300w\" sizes=\"(max-width: 580px) 100vw, 580px\" \/><figcaption>Ay, qu\u00e9 bien sienta el verano. Calorcito, vacaciones, piscina, levantarse un poquito m\u00e1s tarde\u2026 Y con cu\u00e1ntas ganas lo hemos cogido este a\u00f1o, despu\u00e9s de tantos d\u00edas encerrados. Por todo esto, somos conscientes de que el simple hecho de que hayas abierto este correo ya es digno de agradecer. Pero, si est\u00e1s haciendo algo divertido, en familia, ci\u00e9rralo inmediatamente. Nosotros no nos vamos, seguiremos aqu\u00ed luego, cuando tengas un ratito para leernos. Disfrutad del verano, familia.<br><br><\/figcaption><\/figure>\n\n\n\n<div class=\"wp-container-3 wp-block-columns\">\n<div class=\"wp-container-1 wp-block-column\">\n<div class=\"wp-block-image\"><figure class=\"alignright size-large\"><a href=\"https:\/\/www.familyon.es\/sharenting\/\"><img loading=\"lazy\" width=\"240\" height=\"240\" src=\"https:\/\/blog.educainternet.es\/wp-content\/uploads\/2020\/07\/sharenting.jpg\" alt=\"\" class=\"wp-image-6656\" srcset=\"https:\/\/blog.educainternet.es\/wp-content\/uploads\/2020\/07\/sharenting.jpg 240w, https:\/\/blog.educainternet.es\/wp-content\/uploads\/2020\/07\/sharenting-150x150.jpg 150w\" sizes=\"(max-width: 240px) 100vw, 240px\" \/><\/a><\/figure><\/div>\n<\/div>\n\n\n\n<div class=\"wp-container-2 wp-block-column\">\n<p><a rel=\"noreferrer noopener\" href=\"https:\/\/www.familyon.es\/sharenting\/\" target=\"_blank\"><strong>Por un uso Love de la tecnolog\u00eda:\u00a0Sharenting<\/strong><\/a><\/p>\n\n\n\n<p>Al cumplir los 6 meses, el 81% de los beb\u00e9s tienen presencia en Internet, y antes de los 2 a\u00f1os, el 5% tiene un perfil propio en Facebook. \u00bfSomos realmente conscientes de las consecuencias de compartir fotos de nuestros hijos a trav\u00e9s de redes sociales? \u00bfQu\u00e9 nos lleva a hacerlo? De esto hablamos con el fil\u00f3sofo y escritor Jos\u00e9 Carlos Ruiz.<br><\/p>\n<\/div>\n<\/div>\n\n\n\n<div class=\"wp-container-6 wp-block-columns\">\n<div class=\"wp-container-4 wp-block-column\">\n<p><a rel=\"noreferrer noopener\" href=\"https:\/\/www.familyon.es\/lucia-pediatra-el-gran-libro\/\" target=\"_blank\"><strong>\u2018Me preocupa que se haya normalizado que los ni\u00f1os peque\u00f1os jueguen con el m\u00f3vil\u2019, Luc\u00eda, mi pediatra<\/strong><\/a><\/p>\n\n\n\n<p>Luc\u00eda acaba de publicar: \u2018El gran libro de Luc\u00eda, mi pediatra\u2019. Una gu\u00eda sobre la salud de los ni\u00f1os desde el nacimiento hasta la adolescencia, en la que dedica un cap\u00edtulo a las tecnolog\u00edas y a su impacto en la salud de nuestros hijos. La entrevistamos para descubrir qu\u00e9 opina la pediatra m\u00e1s famosa de nuestro pa\u00eds sobre este tema.<\/p>\n<\/div>\n\n\n\n<div class=\"wp-container-5 wp-block-column\">\n<figure class=\"wp-block-image size-large\"><a href=\"https:\/\/www.familyon.es\/lucia-pediatra-el-gran-libro\/\"><img loading=\"lazy\" width=\"240\" height=\"240\" src=\"https:\/\/blog.educainternet.es\/wp-content\/uploads\/2020\/07\/lucia-galan.jpg\" alt=\"\" class=\"wp-image-6657\" srcset=\"https:\/\/blog.educainternet.es\/wp-content\/uploads\/2020\/07\/lucia-galan.jpg 240w, https:\/\/blog.educainternet.es\/wp-content\/uploads\/2020\/07\/lucia-galan-150x150.jpg 150w\" sizes=\"(max-width: 240px) 100vw, 240px\" \/><\/a><\/figure>\n<\/div>\n<\/div>\n\n\n\n<div class=\"wp-container-9 wp-block-columns\">\n<div class=\"wp-container-7 wp-block-column\">\n<div class=\"wp-block-image\"><figure class=\"alignright size-large\"><a href=\"https:\/\/www.familyon.es\/familias-on\/cazando-pokemons\/\"><img loading=\"lazy\" width=\"240\" height=\"240\" src=\"https:\/\/blog.educainternet.es\/wp-content\/uploads\/2020\/07\/cazando-pokemons.jpg\" alt=\"\" class=\"wp-image-6658\" srcset=\"https:\/\/blog.educainternet.es\/wp-content\/uploads\/2020\/07\/cazando-pokemons.jpg 240w, https:\/\/blog.educainternet.es\/wp-content\/uploads\/2020\/07\/cazando-pokemons-150x150.jpg 150w\" sizes=\"(max-width: 240px) 100vw, 240px\" \/><\/a><\/figure><\/div>\n<\/div>\n\n\n\n<div class=\"wp-container-8 wp-block-column\">\n<p><a rel=\"noreferrer noopener\" href=\"https:\/\/www.familyon.es\/familias-on\/cazando-pokemons\/\" target=\"_blank\"><strong>Familias que est\u00e1n on:\u00a0Pokemon revolution<\/strong><\/a><\/p>\n\n\n\n<p>Seguimos compartiendo ideas de familias que hacen un uso inteligente de la tecnolog\u00eda. Esta vez recogemos la de la familia Hormigos, que utiliza la app Pokemon revolution. \u00bfQu\u00e9 beneficio consiguen usando esta app en familia? Os damos una pista, tiene mucho que ver con el ejercicio f\u00edsico. Si quieres aumentar la pr\u00e1ctica del deporte en tu familia, esta es tu app.<\/p>\n<\/div>\n<\/div>\n\n\n\n<div class=\"wp-container-12 wp-block-columns\">\n<div class=\"wp-container-10 wp-block-column\">\n<p><a rel=\"noreferrer noopener\" href=\"https:\/\/www.familyon.es\/volvamos-a-las-calles\/\" target=\"_blank\"><strong>\u00a1Volvamos a las calles!<\/strong><\/a><\/p>\n\n\n\n<p>Estos meses encerrados en casa nos han hecho valorar m\u00e1s la vida en las calles, en los parques, en la naturaleza\u2026 En este art\u00edculo, gracias a la ayuda de la experta en innovaci\u00f3n educativa, Heike Freire, recogemos los beneficios derivados del juego al aire libre para nuestros hijos.<\/p>\n<\/div>\n\n\n\n<div class=\"wp-container-11 wp-block-column\">\n<figure class=\"wp-block-image size-large\"><a href=\"https:\/\/www.familyon.es\/volvamos-a-las-calles\/\"><img loading=\"lazy\" width=\"240\" height=\"240\" src=\"https:\/\/blog.educainternet.es\/wp-content\/uploads\/2020\/07\/volvamos-a-las-calles.jpg\" alt=\"\" class=\"wp-image-6659\" srcset=\"https:\/\/blog.educainternet.es\/wp-content\/uploads\/2020\/07\/volvamos-a-las-calles.jpg 240w, https:\/\/blog.educainternet.es\/wp-content\/uploads\/2020\/07\/volvamos-a-las-calles-150x150.jpg 150w\" sizes=\"(max-width: 240px) 100vw, 240px\" \/><\/a><\/figure>\n<\/div>\n<\/div>\n\n\n\n<div class=\"wp-container-15 wp-block-columns\">\n<div class=\"wp-container-13 wp-block-column\">\n<div class=\"wp-block-image\"><figure class=\"alignright size-large\"><a href=\"https:\/\/www.familyon.es\/ponencia-noelia-lopez-cheda\/\"><img loading=\"lazy\" width=\"240\" height=\"240\" src=\"https:\/\/blog.educainternet.es\/wp-content\/uploads\/2020\/07\/noelia-lopez-cheda.jpg\" alt=\"\" class=\"wp-image-6660\" srcset=\"https:\/\/blog.educainternet.es\/wp-content\/uploads\/2020\/07\/noelia-lopez-cheda.jpg 240w, https:\/\/blog.educainternet.es\/wp-content\/uploads\/2020\/07\/noelia-lopez-cheda-150x150.jpg 150w\" sizes=\"(max-width: 240px) 100vw, 240px\" \/><\/a><\/figure><\/div>\n<\/div>\n\n\n\n<div class=\"wp-container-14 wp-block-column\">\n<p><a rel=\"noreferrer noopener\" href=\"https:\/\/www.familyon.es\/ponencia-noelia-lopez-cheda\/\" target=\"_blank\"><strong>Ponencia:\u00a0\u2018Si resuelves todos sus problemas, eres su mayor problema\u2019, por Noelia L\u00f3pez Cheda<\/strong><\/a><\/p>\n\n\n\n<p>Est\u00e1 claro que todos queremos lo mejor para nuestros hijos y, ante el miedo a que se equivoquen, a que sufran, tendemos a sobreprotegerlos, sin darnos cuenta de que alg\u00fan d\u00eda nosotros no estaremos con ellos cuando les surjan los problemas, y si no les hemos ense\u00f1ado a ser aut\u00f3nomos, no sabr\u00e1n resolverlos por s\u00ed mismos. De esto habla Noelia L\u00f3pez en una maravillosa ponencia.<\/p>\n<\/div>\n<\/div>\n\n\n\n<div class=\"wp-container-18 wp-block-columns\">\n<div class=\"wp-container-16 wp-block-column\">\n<p class=\"has-text-align-center\">UNA IDEA DE:<\/p>\n\n\n\n<div class=\"wp-block-image\"><figure class=\"aligncenter size-large is-resized\"><img loading=\"lazy\" src=\"https:\/\/blog.educainternet.es\/wp-content\/uploads\/2020\/06\/Logo-FamilyON-retina.png\" alt=\"\" class=\"wp-image-6649\" width=\"133\" height=\"34\"\/><\/figure><\/div>\n<\/div>\n\n\n\n<div class=\"wp-container-17 wp-block-column\">\n<p class=\"has-text-align-center\">CON LA COLABORACION DE:<\/p>\n\n\n\n<div class=\"wp-block-image\"><figure class=\"aligncenter size-large\"><img loading=\"lazy\" width=\"133\" height=\"29\" src=\"https:\/\/blog.educainternet.es\/wp-content\/uploads\/2020\/06\/gestionando-hijos-logo.png\" alt=\"\" class=\"wp-image-6650\"\/><\/figure><\/div>\n<\/div>\n<\/div>\n","protected":false},"excerpt":{"rendered":"<p>Ideas de Orange para madres y padres ante el reto de educar en una situaci\u00f3n dif\u00edcil Por un uso Love de la tecnolog\u00eda:\u00a0Sharenting Al cumplir los 6 meses, el 81% de los beb\u00e9s tienen presencia en Internet, y antes de los 2 a\u00f1os, el 5% tiene un perfil propio en &#8230;<\/p>\n","protected":false},"author":1,"featured_media":6658,"comment_status":"open","ping_status":"open","sticky":false,"template":"","format":"standard","meta":[],"categories":[152,2],"tags":[],"_links":{"self":[{"href":"https:\/\/blog.educainternet.es\/index.php\/wp-json\/wp\/v2\/posts\/6655"}],"collection":[{"href":"https:\/\/blog.educainternet.es\/index.php\/wp-json\/wp\/v2\/posts"}],"about":[{"href":"https:\/\/blog.educainternet.es\/index.php\/wp-json\/wp\/v2\/types\/post"}],"author":[{"embeddable":true,"href":"https:\/\/blog.educainternet.es\/index.php\/wp-json\/wp\/v2\/users\/1"}],"replies":[{"embeddable":true,"href":"https:\/\/blog.educainternet.es\/index.php\/wp-json\/wp\/v2\/comments?post=6655"}],"version-history":[{"count":3,"href":"https:\/\/blog.educainternet.es\/index.php\/wp-json\/wp\/v2\/posts\/6655\/revisions"}],"predecessor-version":[{"id":6666,"href":"https:\/\/blog.educainternet.es\/index.php\/wp-json\/wp\/v2\/posts\/6655\/revisions\/6666"}],"wp:featuredmedia":[{"embeddable":true,"href":"https:\/\/blog.educainternet.es\/index.php\/wp-json\/wp\/v2\/media\/6658"}],"wp:attachment":[{"href":"https:\/\/blog.educainternet.es\/index.php\/wp-json\/wp\/v2\/media?parent=6655"}],"wp:term":[{"taxonomy":"category","embeddable":true,"href":"https:\/\/blog.educainternet.es\/index.php\/wp-json\/wp\/v2\/categories?post=6655"},{"taxonomy":"post_tag","embeddable":true,"href":"https:\/\/blog.educainternet.es\/index.php\/wp-json\/wp\/v2\/tags?post=6655"}],"curies":[{"name":"wp","href":"https:\/\/api.w.org\/{rel}","templated":true}]}}