{"id":6480,"date":"2019-01-10T13:11:08","date_gmt":"2019-01-10T13:11:08","guid":{"rendered":"http:\/\/35.242.223.250\/?p=6480"},"modified":"2019-01-10T13:17:18","modified_gmt":"2019-01-10T13:17:18","slug":"nueva-edicion-del-moc-seguridad-privacidad-e-identidad-digital-en-el-entorno-escolar","status":"publish","type":"post","link":"https:\/\/blog.educainternet.es\/index.php\/2019\/01\/10\/nueva-edicion-del-moc-seguridad-privacidad-e-identidad-digital-en-el-entorno-escolar\/","title":{"rendered":"Nueva edici\u00f3n del MOC &#8216;Seguridad, privacidad e identidad digital en el entorno escolar&#8217;"},"content":{"rendered":"<h2>Nueva edici\u00f3n del MOC &#8216;Seguridad, privacidad e identidad digital en el entorno escolar&#8217;<\/h2>\n<p>Hola a todos:<\/p>\n<p>EducaInternet ha participado en la creaci\u00f3n del MOC\u00a0&#8216;Seguridad, privacidad e identidad digital en el entorno escolar&#8217;, que se va a desarrollar en la Comunidad de Madrid del 21 de enero al 25 de febrero.<\/p>\n<p>El curso tiene como objetivos fundamentales la sensibilizaci\u00f3n, concienciaci\u00f3n y formaci\u00f3n de los docentes sobre seguridad, privacidad e identidad digital.<br \/>\nSe encuadra en el \u00c1rea 4 de Seguridad del Marco Com\u00fan de Competencia Digital Docente (MCCDD): protecci\u00f3n de dispositivos y de contenido digital; protecci\u00f3n de datos personales e identidad digital; protecci\u00f3n de la salud y el bienestar; protecci\u00f3n del entorno.<br \/>\nPuede parecer un tema arduo pero os aseguro que hemos hecho actividades muy interesantes y que aprender\u00e9is haciendo \u00ablearning by doing\u00bb.<\/p>\n<p style=\"text-align: center;\">\u00a0Video de presentaci\u00f3n del curso:<br \/>\n<iframe loading=\"lazy\" style=\"border: 0; overflow: hidden;\" src=\"https:\/\/mediateca.educa.madrid.org\/video\/lw48b49mchevfxgy\/fs\" width=\"600\" height=\"350\" frameborder=\"0\" scrolling=\"no\" allowfullscreen=\"allowfullscreen\"><span data-mce-type=\"bookmark\" style=\"display: inline-block; width: 0px; overflow: hidden; line-height: 0;\" class=\"mce_SELRES_start\">\ufeff<\/span><span data-mce-type=\"bookmark\" style=\"display: inline-block; width: 0px; overflow: hidden; line-height: 0;\" class=\"mce_SELRES_start\">\ufeff<\/span><span data-mce-type=\"bookmark\" style=\"display: inline-block; width: 0px; overflow: hidden; line-height: 0;\" class=\"mce_SELRES_start\">\ufeff<\/span><\/iframe><\/p>\n<p>Algunos enlaces de inter\u00e9s:<\/p>\n<p>Pod\u00e9is inscribiros aqu\u00ed hasta el 17 de enero:\u00a0<a href=\"https:\/\/inscripciones.educa.madrid.org\/formacionenlinea\/\" target=\"_blank\">https:\/\/inscripciones.educa.madrid.org\/formacionenlinea\/<\/a><\/p>\n<p>M\u00e1s informaci\u00f3n sobre el curso:\u00a0<a href=\"https:\/\/formacion.educa.madrid.org\/course\/view.php?id=365\" target=\"_blank\">https:\/\/formacion.educa.madrid.org\/course\/view.php?id=365<\/a><\/p>\n<p>Guia did\u00e1ctica del curso:\u00a0<a href=\"https:\/\/formacion.educa.madrid.org\/mod\/book\/view.php?id=27828\" target=\"_blank\">https:\/\/formacion.educa.madrid.org\/mod\/book\/view.php?id=27828<\/a><\/p>\n<p>&nbsp;<\/p>\n<p>Esta convocatoria solo est\u00e1 abierta a profesores de la Comunidad de Madrid, pero pr\u00f3ximamente haremos m\u00e1s ediciones en otras comunidades aut\u00f3nomas. Incluso una edici\u00f3n en abierto para padres y profesores. Seguirnos en las redes para permanecer informados:<\/p>\n<p>Os recuerdo\u00a0<a href=\"https:\/\/twitter.com\/EducaInternet\" target=\"_blank\">https:\/\/twitter.com\/EducaInternet<\/a> y\u00a0<a href=\"https:\/\/www.facebook.com\/EducaInternet\/\" target=\"_blank\">https:\/\/www.facebook.com\/EducaInternet\/<\/a><\/p>\n<p>Esperamos que os guste<\/p>\n<p>EducaInternet<\/p>\n","protected":false},"excerpt":{"rendered":"<p>Nueva edici\u00f3n del MOC &#8216;Seguridad, privacidad e identidad digital en el entorno escolar&#8217; Hola a todos: EducaInternet ha participado en la creaci\u00f3n del MOC\u00a0&#8216;Seguridad, privacidad e identidad digital en el entorno escolar&#8217;, que se va a desarrollar en la Comunidad de Madrid del 21 de enero al 25 de febrero. &#8230;<\/p>\n","protected":false},"author":1,"featured_media":6481,"comment_status":"open","ping_status":"open","sticky":false,"template":"","format":"standard","meta":[],"categories":[26,3,2],"tags":[],"_links":{"self":[{"href":"https:\/\/blog.educainternet.es\/index.php\/wp-json\/wp\/v2\/posts\/6480"}],"collection":[{"href":"https:\/\/blog.educainternet.es\/index.php\/wp-json\/wp\/v2\/posts"}],"about":[{"href":"https:\/\/blog.educainternet.es\/index.php\/wp-json\/wp\/v2\/types\/post"}],"author":[{"embeddable":true,"href":"https:\/\/blog.educainternet.es\/index.php\/wp-json\/wp\/v2\/users\/1"}],"replies":[{"embeddable":true,"href":"https:\/\/blog.educainternet.es\/index.php\/wp-json\/wp\/v2\/comments?post=6480"}],"version-history":[{"count":3,"href":"https:\/\/blog.educainternet.es\/index.php\/wp-json\/wp\/v2\/posts\/6480\/revisions"}],"predecessor-version":[{"id":6484,"href":"https:\/\/blog.educainternet.es\/index.php\/wp-json\/wp\/v2\/posts\/6480\/revisions\/6484"}],"wp:featuredmedia":[{"embeddable":true,"href":"https:\/\/blog.educainternet.es\/index.php\/wp-json\/wp\/v2\/media\/6481"}],"wp:attachment":[{"href":"https:\/\/blog.educainternet.es\/index.php\/wp-json\/wp\/v2\/media?parent=6480"}],"wp:term":[{"taxonomy":"category","embeddable":true,"href":"https:\/\/blog.educainternet.es\/index.php\/wp-json\/wp\/v2\/categories?post=6480"},{"taxonomy":"post_tag","embeddable":true,"href":"https:\/\/blog.educainternet.es\/index.php\/wp-json\/wp\/v2\/tags?post=6480"}],"curies":[{"name":"wp","href":"https:\/\/api.w.org\/{rel}","templated":true}]}}