{"id":3025,"date":"2016-11-17T22:47:25","date_gmt":"2016-11-17T22:47:25","guid":{"rendered":"http:\/\/35.242.223.250\/?p=3025"},"modified":"2017-09-26T11:21:05","modified_gmt":"2017-09-26T11:21:05","slug":"privacidad-de-los-adolescentes-en-las-redes-sociales","status":"publish","type":"post","link":"https:\/\/blog.educainternet.es\/index.php\/2016\/11\/17\/privacidad-de-los-adolescentes-en-las-redes-sociales\/","title":{"rendered":"Privacidad de los adolescentes en las redes sociales"},"content":{"rendered":"<h2>Privacidad de los adolescentes en las redes sociales<\/h2>\n<p>Despu\u00e9s del esfuerzo merece la pena compartirlo con <a href=\"mailto:vosotr@s\">vosotr@s<\/a>.<\/p>\n<p>Seis recomendaciones b\u00e1sicas para la protecci\u00f3n de la privacidad en las redes sociales.<br \/>\nClaves para ayudar a los adolescentes.<\/p>\n<p><img loading=\"lazy\" class=\"alignnone wp-image-5838 size-full\" src=\"http:\/\/35.242.223.250\/wp-content\/uploads\/2016\/11\/Mi_infografi\u0301a-_proteccio\u0301n_privacidad_RRSS.png\" alt=\"\" width=\"800\" height=\"2000\" srcset=\"https:\/\/blog.educainternet.es\/wp-content\/uploads\/2016\/11\/Mi_infografi\u0301a-_proteccio\u0301n_privacidad_RRSS.png 800w, https:\/\/blog.educainternet.es\/wp-content\/uploads\/2016\/11\/Mi_infografi\u0301a-_proteccio\u0301n_privacidad_RRSS-120x300.png 120w, https:\/\/blog.educainternet.es\/wp-content\/uploads\/2016\/11\/Mi_infografi\u0301a-_proteccio\u0301n_privacidad_RRSS-768x1920.png 768w, https:\/\/blog.educainternet.es\/wp-content\/uploads\/2016\/11\/Mi_infografi\u0301a-_proteccio\u0301n_privacidad_RRSS-410x1024.png 410w\" sizes=\"(max-width: 800px) 100vw, 800px\" \/><\/p>\n<p>Enlace a mi tarea: <a href=\"http:\/\/educainternet.es\/pictures\/5004\">educainternet.es\/pictures\/5004<\/a><\/p>\n<p>M. Carmen Mart\u00edn<\/p>\n<p>&nbsp;<\/p>\n","protected":false},"excerpt":{"rendered":"<p>Privacidad de los adolescentes en las redes sociales Despu\u00e9s del esfuerzo merece la pena compartirlo con vosotr@s. Seis recomendaciones b\u00e1sicas para la protecci\u00f3n de la privacidad en las redes sociales. Claves para ayudar a los adolescentes. Enlace a mi tarea: educainternet.es\/pictures\/5004 M. Carmen Mart\u00edn &nbsp;<\/p>\n","protected":false},"author":1,"featured_media":5839,"comment_status":"open","ping_status":"open","sticky":false,"template":"","format":"standard","meta":[],"categories":[70],"tags":[73,6,5,53],"_links":{"self":[{"href":"https:\/\/blog.educainternet.es\/index.php\/wp-json\/wp\/v2\/posts\/3025"}],"collection":[{"href":"https:\/\/blog.educainternet.es\/index.php\/wp-json\/wp\/v2\/posts"}],"about":[{"href":"https:\/\/blog.educainternet.es\/index.php\/wp-json\/wp\/v2\/types\/post"}],"author":[{"embeddable":true,"href":"https:\/\/blog.educainternet.es\/index.php\/wp-json\/wp\/v2\/users\/1"}],"replies":[{"embeddable":true,"href":"https:\/\/blog.educainternet.es\/index.php\/wp-json\/wp\/v2\/comments?post=3025"}],"version-history":[{"count":5,"href":"https:\/\/blog.educainternet.es\/index.php\/wp-json\/wp\/v2\/posts\/3025\/revisions"}],"predecessor-version":[{"id":5848,"href":"https:\/\/blog.educainternet.es\/index.php\/wp-json\/wp\/v2\/posts\/3025\/revisions\/5848"}],"wp:featuredmedia":[{"embeddable":true,"href":"https:\/\/blog.educainternet.es\/index.php\/wp-json\/wp\/v2\/media\/5839"}],"wp:attachment":[{"href":"https:\/\/blog.educainternet.es\/index.php\/wp-json\/wp\/v2\/media?parent=3025"}],"wp:term":[{"taxonomy":"category","embeddable":true,"href":"https:\/\/blog.educainternet.es\/index.php\/wp-json\/wp\/v2\/categories?post=3025"},{"taxonomy":"post_tag","embeddable":true,"href":"https:\/\/blog.educainternet.es\/index.php\/wp-json\/wp\/v2\/tags?post=3025"}],"curies":[{"name":"wp","href":"https:\/\/api.w.org\/{rel}","templated":true}]}}