{"id":2941,"date":"2016-05-18T08:59:42","date_gmt":"2016-05-18T08:59:42","guid":{"rendered":"http:\/\/35.242.223.250\/?p=2941"},"modified":"2017-09-26T12:23:39","modified_gmt":"2017-09-26T12:23:39","slug":"crear-red-desde-la-red","status":"publish","type":"post","link":"https:\/\/blog.educainternet.es\/index.php\/2016\/05\/18\/crear-red-desde-la-red\/","title":{"rendered":"Crear red desde La Red"},"content":{"rendered":"<h2>Crear red desde La Red<\/h2>\n<p><img loading=\"lazy\" class=\"aligncenter wp-image-2943 size-full\" src=\"http:\/\/35.242.223.250\/wp-content\/uploads\/2016\/05\/pablo.png\" alt=\"pablo\" width=\"1024\" height=\"512\" srcset=\"https:\/\/blog.educainternet.es\/wp-content\/uploads\/2016\/05\/pablo.png 1024w, https:\/\/blog.educainternet.es\/wp-content\/uploads\/2016\/05\/pablo-300x150.png 300w, https:\/\/blog.educainternet.es\/wp-content\/uploads\/2016\/05\/pablo-768x384.png 768w, https:\/\/blog.educainternet.es\/wp-content\/uploads\/2016\/05\/pablo-500x250.png 500w\" sizes=\"(max-width: 1024px) 100vw, 1024px\" \/><\/p>\n<p>Despu\u00e9s de unos meses trabajando en el MOOC desde finales de marzo hasta el d\u00eda de hoy hemos pasado por diferentes experiencias de aprendizaje con diferentes tem\u00e1ticas dentro del foco del \u00abUso Seguro de las TIC\u00bb.<\/p>\n<p>Poco a poco se han ido tejiendo a trav\u00e9s de la plataforma y las redes conocimientos, experiencias, resoluci\u00f3n de dudas y comentarios que han generado un buen movimiento en torno a los temas tratados.<\/p>\n<p>Un punto a tener en cuenta del MOOC fue la<a href=\"http:\/\/35.242.223.250\/index.php\/2016\/04\/22\/mesa-redonda-virtual-usosegurotic\/\"> mesa redonda con la participaci\u00f3n de 3 expertos<\/a> a nivel legal y de aula en niveles inferiores y superiores en edades.<\/p>\n<p>Como culminaci\u00f3n de todas estas tareas, el trabajo final ha proporcionado una gran cantidad de presentaciones y productos digitales muy interesantes que pueden ser de gran utilidad para el profesorado. Poco a poco los participantes que quieren est\u00e1n publicando sus trabajos dando a este espacio un banco de conocimiento que aporta un buen n\u00famero de recursos generados entre todos.<\/p>\n<p>Ya se rese\u00f1aron algunos de estos que <a href=\"http:\/\/35.242.223.250\/index.php\/2016\/05\/10\/trabajos-finales-alumnos-usosegurotic\/\">destacaban por la calidad de su contenido y que recomend\u00e1bamos no perder de vista. <\/a><\/p>\n<p>Pod\u00e9is seguir buceando entre todas las que se van publicando en el blog y ver todo lo que se ha <a href=\"http:\/\/educainternet.es\/search?utf8=%E2%9C%93&amp;q=uso+seguro+tic&amp;type=Learning_object\">generado en la propia plataforma.<\/a><\/p>\n<p>Seguimos en red y seguro que tanto v\u00eda <a href=\"https:\/\/twitter.com\/hashtag\/usosegurotic?f=tweets&amp;vertical=default&amp;src=hash\">twitter<\/a> como v\u00eda<a href=\"https:\/\/www.facebook.com\/hashtag\/UsoSeguroTIC?fref=ts\"> Facebook <\/a>seguir\u00e1n apareciendo recursos e informaciones de gran inter\u00e9s para todos.<\/p>\n","protected":false},"excerpt":{"rendered":"<p>Crear red desde La Red Despu\u00e9s de unos meses trabajando en el MOOC desde finales de marzo hasta el d\u00eda de hoy hemos pasado por diferentes experiencias de aprendizaje con diferentes tem\u00e1ticas dentro del foco del \u00abUso Seguro de las TIC\u00bb. Poco a poco se han ido tejiendo a trav\u00e9s &#8230;<\/p>\n","protected":false},"author":4,"featured_media":2943,"comment_status":"open","ping_status":"open","sticky":false,"template":"","format":"standard","meta":[],"categories":[3,2],"tags":[99],"_links":{"self":[{"href":"https:\/\/blog.educainternet.es\/index.php\/wp-json\/wp\/v2\/posts\/2941"}],"collection":[{"href":"https:\/\/blog.educainternet.es\/index.php\/wp-json\/wp\/v2\/posts"}],"about":[{"href":"https:\/\/blog.educainternet.es\/index.php\/wp-json\/wp\/v2\/types\/post"}],"author":[{"embeddable":true,"href":"https:\/\/blog.educainternet.es\/index.php\/wp-json\/wp\/v2\/users\/4"}],"replies":[{"embeddable":true,"href":"https:\/\/blog.educainternet.es\/index.php\/wp-json\/wp\/v2\/comments?post=2941"}],"version-history":[{"count":5,"href":"https:\/\/blog.educainternet.es\/index.php\/wp-json\/wp\/v2\/posts\/2941\/revisions"}],"predecessor-version":[{"id":5891,"href":"https:\/\/blog.educainternet.es\/index.php\/wp-json\/wp\/v2\/posts\/2941\/revisions\/5891"}],"wp:featuredmedia":[{"embeddable":true,"href":"https:\/\/blog.educainternet.es\/index.php\/wp-json\/wp\/v2\/media\/2943"}],"wp:attachment":[{"href":"https:\/\/blog.educainternet.es\/index.php\/wp-json\/wp\/v2\/media?parent=2941"}],"wp:term":[{"taxonomy":"category","embeddable":true,"href":"https:\/\/blog.educainternet.es\/index.php\/wp-json\/wp\/v2\/categories?post=2941"},{"taxonomy":"post_tag","embeddable":true,"href":"https:\/\/blog.educainternet.es\/index.php\/wp-json\/wp\/v2\/tags?post=2941"}],"curies":[{"name":"wp","href":"https:\/\/api.w.org\/{rel}","templated":true}]}}