{"id":2355,"date":"2016-04-20T17:54:47","date_gmt":"2016-04-20T17:54:47","guid":{"rendered":"http:\/\/35.242.223.250\/?p=2355"},"modified":"2017-09-27T07:09:02","modified_gmt":"2017-09-27T07:09:02","slug":"mesa-redonda-virtual-uso-seguro-y-responsable-de-las-tic","status":"publish","type":"post","link":"https:\/\/blog.educainternet.es\/index.php\/2016\/04\/20\/mesa-redonda-virtual-uso-seguro-y-responsable-de-las-tic\/","title":{"rendered":"Mesa redonda virtual: \u00abUso Seguro y Responsable de las TIC\u00bb"},"content":{"rendered":"<h2>Mesa redonda virtual: \u00abUso Seguro y Responsable de las TIC\u00bb<\/h2>\n<p>Pr\u00f3ximos a la recta final del curso, os invitamos a participar en la mesa redonda virtual que celebraremos ma\u00f1ana jueves, 21 de abril, a las 20:30 horas. Contaremos con la presencia de expertos y docentes que nos contar\u00e1n sus experiencias y conocimientos, y que adem\u00e1s, responder\u00e1n a muchas de vuestras preguntas depositadas\u00a0en los foros de cada semana del curso <a href=\"https:\/\/twitter.com\/EducaInternet\">#UsoSeguroTIC<\/a>.<\/p>\n<p><a href=\"https:\/\/youtu.be\/lFsWodKKH4o\" target=\"_blank\"><img loading=\"lazy\" class=\"alignnone size-full wp-image-2356\" src=\"http:\/\/35.242.223.250\/wp-content\/uploads\/2016\/04\/banner_mesaredonda_336_280.jpg\" alt=\"UsoSeguroTIC-mesa redonda\" width=\"336\" height=\"280\" srcset=\"https:\/\/blog.educainternet.es\/wp-content\/uploads\/2016\/04\/banner_mesaredonda_336_280.jpg 336w, https:\/\/blog.educainternet.es\/wp-content\/uploads\/2016\/04\/banner_mesaredonda_336_280-300x250.jpg 300w\" sizes=\"(max-width: 336px) 100vw, 336px\" \/><\/a><\/p>\n<p><strong>Ponentes<\/strong><\/p>\n<ul>\n<li>Dinamizador: Javier Monteagudo (CRIF) <a href=\"https:\/\/twitter.com\/jmonteo\">@jmonteo<\/a><\/li>\n<li>Vocales:\n<ul>\n<li>Ricard Mart\u00ednez (Presidente de la Asociaci\u00f3n Profesional Espa\u00f1ola de la Privacidad) <a href=\"https:\/\/twitter.com\/ricardmm\">@ricardmm<\/a><\/li>\n<li>Charo Fern\u00e1ndez (docente en Salesianos Atocha)\u00a0<a href=\"https:\/\/twitter.com\/yalocin\">@yalocin<\/a><\/li>\n<li>Bernab\u00e9 Mart\u00edn (docente en Salesianos Atocha) <a href=\"https:\/\/twitter.com\/bernabe\">@bernabe<\/a><\/li>\n<\/ul>\n<\/li>\n<\/ul>\n<p><strong>C\u00f3mo participar<\/strong><\/p>\n<p>\u00bfC\u00f3mo pod\u00e9is participar? Muy f\u00e1cil, a trav\u00e9s del <a href=\"https:\/\/youtu.be\/lFsWodKKH4o\" target=\"_blank\">canal de EducaInternet en Youtube <\/a>difundiremos en\u00a0streaming y podr\u00e9is plantear preguntas a los ponentes. En este enlace directo:\u00a0<a href=\"https:\/\/youtu.be\/lFsWodKKH4o\" target=\"_blank\">https:\/\/youtu.be\/lFsWodKKH4o<\/a><\/p>\n<p><strong>C\u00f3mo compartir<\/strong><\/p>\n<p>Y como ya eres un usuario experto de Internet y Redes Sociales, comenta y difunde lo que m\u00e1s te llame la atenci\u00f3n o consideres interesante, en facebook y\/o en twitter con #UsoSeguroTIC.<\/p>\n<p>Sin duda una excelente oportunidad. \u00a1Os esperamos!<\/p>\n","protected":false},"excerpt":{"rendered":"<p>Mesa redonda virtual: \u00abUso Seguro y Responsable de las TIC\u00bb Pr\u00f3ximos a la recta final del curso, os invitamos a participar en la mesa redonda virtual que celebraremos ma\u00f1ana jueves, 21 de abril, a las 20:30 horas. Contaremos con la presencia de expertos y docentes que nos contar\u00e1n sus experiencias &#8230;<\/p>\n","protected":false},"author":1,"featured_media":2356,"comment_status":"open","ping_status":"open","sticky":false,"template":"","format":"standard","meta":[],"categories":[26,3],"tags":[27,94],"_links":{"self":[{"href":"https:\/\/blog.educainternet.es\/index.php\/wp-json\/wp\/v2\/posts\/2355"}],"collection":[{"href":"https:\/\/blog.educainternet.es\/index.php\/wp-json\/wp\/v2\/posts"}],"about":[{"href":"https:\/\/blog.educainternet.es\/index.php\/wp-json\/wp\/v2\/types\/post"}],"author":[{"embeddable":true,"href":"https:\/\/blog.educainternet.es\/index.php\/wp-json\/wp\/v2\/users\/1"}],"replies":[{"embeddable":true,"href":"https:\/\/blog.educainternet.es\/index.php\/wp-json\/wp\/v2\/comments?post=2355"}],"version-history":[{"count":7,"href":"https:\/\/blog.educainternet.es\/index.php\/wp-json\/wp\/v2\/posts\/2355\/revisions"}],"predecessor-version":[{"id":5950,"href":"https:\/\/blog.educainternet.es\/index.php\/wp-json\/wp\/v2\/posts\/2355\/revisions\/5950"}],"wp:featuredmedia":[{"embeddable":true,"href":"https:\/\/blog.educainternet.es\/index.php\/wp-json\/wp\/v2\/media\/2356"}],"wp:attachment":[{"href":"https:\/\/blog.educainternet.es\/index.php\/wp-json\/wp\/v2\/media?parent=2355"}],"wp:term":[{"taxonomy":"category","embeddable":true,"href":"https:\/\/blog.educainternet.es\/index.php\/wp-json\/wp\/v2\/categories?post=2355"},{"taxonomy":"post_tag","embeddable":true,"href":"https:\/\/blog.educainternet.es\/index.php\/wp-json\/wp\/v2\/tags?post=2355"}],"curies":[{"name":"wp","href":"https:\/\/api.w.org\/{rel}","templated":true}]}}